{"id":4728,"date":"2023-08-25T19:41:44","date_gmt":"2023-08-25T19:41:44","guid":{"rendered":"https:\/\/hpha.org.ar\/?p=4728"},"modified":"2023-10-26T19:37:17","modified_gmt":"2023-10-26T19:37:17","slug":"llegan-las-1-jornadas-de-alquiler-social-en-argentina","status":"publish","type":"post","link":"https:\/\/hpha.org.ar\/en\/llegan-las-1-jornadas-de-alquiler-social-en-argentina\/","title":{"rendered":"The 1st Social Rent Argentina Workshops have arrived!"},"content":{"rendered":"<span style=\"font-weight: 400;\">Within the framework of our campaign<\/span><a href=\"http:\/\/alquileresblue.org.ar\/\"> <span style=\"font-weight: 400;\">#AlquilerSocialYA<\/span><\/a><span style=\"font-weight: 400;\"> (#SocialRentNOW), started at the end of 2022, we are advocating for the implementation of social rent as set forth in Law Number 27.551. To that end, between September 4th and 6th we will hold the <\/span><b>1st Social Rent Workshops in Argentina<\/b><span style=\"font-weight: 400;\">.<\/span><\/p>\n<p><span style=\"font-weight: 400;\">This will be a <\/span><b>participatory, joint event<\/b><span style=\"font-weight: 400;\"> between different sectors to contribute to the building up of knowledge, to recognize challenges and to express ideas with respect to this type of access to housing.<\/span><\/p>\n<p><span style=\"font-weight: 400;\">It is our intention that these workshops would be a <\/span><b>contribution to the understanding and search for solutions on the topic<\/b><span style=\"font-weight: 400;\">, which is why we believe it to be of the utmost importance to have as many perspectives as possible.<\/span><\/p>\n<p><b>Schedule<\/b><\/p>\n<p><b>Monday the 4th<\/b><b><br \/>\n<\/b><span style=\"font-weight: 400;\">\u2013<\/span><b>International and National Experiences:<\/b><span style=\"font-weight: 400;\"> cases from Barcelona and Habitat for Humanity Romania. Initiatives from the Institute of Housing in the City of Buenos Aires and the Municipality of Rosario. Moderator: Cristina Reynals.<\/span><span style=\"font-weight: 400;\"><br \/>\n<\/span><span style=\"font-weight: 400;\">\u2013 <\/span><b>Context and Framework of Our Reality Through the Eyes of Experts:<\/b><span style=\"font-weight: 400;\"> with participation from Fernanda Garc\u00eda Monticelli, Daniela Gargantini, Cynthia Goytia and Agust\u00edn Pascual S\u00e1nz.\u00a0 Moderator: Javier Forlenza.<\/span><span style=\"font-weight: 400;\"><br \/>\n<\/span><span style=\"font-weight: 400;\">\u2013 <\/span><b>Working round tables.<\/b><\/p>\n<p><b>Tuesday the 5th<\/b><b><br \/>\n<\/b><span style=\"font-weight: 400;\">\u2013 <\/span><b>A Social Rent Program, For Who?:<\/b><span style=\"font-weight: 400;\"> Neighbors Andrea Rivas (AFDA), Paola Urquizo and Jessica Flores (Federal Network of Single-Parent Families). Moderator: Facundo Di Filippo.<\/span><span style=\"font-weight: 400;\"><br \/>\n<\/span><span style=\"font-weight: 400;\">\u2013 <\/span><b>The Role and Involvement of the Private Sector:<\/b><span style=\"font-weight: 400;\"> Marta Liotto (CUCICBA), Daniel Mintzer (Developer), Mat\u00edas Kelly (Sumatoria), Aldo Lozano and Gustavo Caliciotti (UBP). Moderator: Pamela C\u00e1ceres.<\/span><span style=\"font-weight: 400;\"><br \/>\n<\/span><span style=\"font-weight: 400;\">\u2013 <\/span><b>Working round tables.<\/b><\/p>\n<p><b>Wednesday the 6th<\/b><b><br \/>\n<\/b><span style=\"font-weight: 400;\">\u2013 <\/span><b>Presentation of housing proposals from electoral candidates<\/b><b><br \/>\n<\/b><span style=\"font-weight: 400;\">\u2013 <\/span><b>Plenary and Closing<\/b><\/p>\n<p><span style=\"font-weight: 400;\">The Social Rent Workshops are supported by the Universidad Blas Pascal and Habitat for Humanity within the framework of the Home Equals Campaign.<\/span>","protected":false},"excerpt":{"rendered":"<p>Within the framework of our campaign #AlquilerSocialYA (#SocialRentNOW), started at the end of 2022, we are advocating for the implementation of social rent as set forth in Law Number 27.551. To that end, between September 4th and 6th we will hold the 1st Social Rent Workshops in Argentina. This will be a participatory, joint event<\/p>\n<div class=\"post-actions\"><a class=\"button small\" href=\"https:\/\/hpha.org.ar\/en\/llegan-las-1-jornadas-de-alquiler-social-en-argentina\/\">Leer M\u00e1s<\/a><\/div>\n","protected":false},"author":7,"featured_media":4729,"comment_status":"open","ping_status":"open","sticky":false,"template":"","format":"standard","meta":{"_acf_changed":false,"om_disable_all_campaigns":false,"_monsterinsights_skip_tracking":false,"_monsterinsights_sitenote_active":false,"_monsterinsights_sitenote_note":"","_monsterinsights_sitenote_category":0,"_uf_show_specific_survey":0,"_uf_disable_surveys":false,"footnotes":""},"categories":[17],"tags":[56,80,55],"class_list":["post-4728","post","type-post","status-publish","format-standard","has-post-thumbnail","hentry","category-noticias","tag-alquiler-social","tag-eventos","tag-incidencia"],"acf":[],"aioseo_notices":[],"rttpg_featured_image_url":{"full":["https:\/\/hpha.org.ar\/wp-content\/uploads\/2023\/08\/Jornadas-Encabezados-y-pies-2-e1692992480718.png",627,300,false],"landscape":["https:\/\/hpha.org.ar\/wp-content\/uploads\/2023\/08\/Jornadas-Encabezados-y-pies-2-e1692992480718.png",627,300,false],"portraits":["https:\/\/hpha.org.ar\/wp-content\/uploads\/2023\/08\/Jornadas-Encabezados-y-pies-2-e1692992480718.png",627,300,false],"thumbnail":["https:\/\/hpha.org.ar\/wp-content\/uploads\/2023\/08\/Jornadas-Encabezados-y-pies-2-e1692992480718-150x150.png",150,150,true],"medium":["https:\/\/hpha.org.ar\/wp-content\/uploads\/2023\/08\/Jornadas-Encabezados-y-pies-2-e1692992480718-300x144.png",300,144,true],"large":["https:\/\/hpha.org.ar\/wp-content\/uploads\/2023\/08\/Jornadas-Encabezados-y-pies-2-1024x256.png",860,215,true],"1536x1536":["https:\/\/hpha.org.ar\/wp-content\/uploads\/2023\/08\/Jornadas-Encabezados-y-pies-2-e1692992480718.png",627,300,false],"2048x2048":["https:\/\/hpha.org.ar\/wp-content\/uploads\/2023\/08\/Jornadas-Encabezados-y-pies-2-e1692992480718.png",627,300,false],"small-header":["https:\/\/hpha.org.ar\/wp-content\/uploads\/2023\/08\/Jornadas-Encabezados-y-pies-2-e1692992480718-627x220.png",627,220,true],"small-event":["https:\/\/hpha.org.ar\/wp-content\/uploads\/2023\/08\/Jornadas-Encabezados-y-pies-2-e1692992480718-100x85.png",100,85,true],"medium-event":["https:\/\/hpha.org.ar\/wp-content\/uploads\/2023\/08\/Jornadas-Encabezados-y-pies-2-e1692992480718-270x150.png",270,150,true],"large-event":["https:\/\/hpha.org.ar\/wp-content\/uploads\/2023\/08\/Jornadas-Encabezados-y-pies-2-770x300.png",770,300,true],"large-event-2":["https:\/\/hpha.org.ar\/wp-content\/uploads\/2023\/08\/Jornadas-Encabezados-y-pies-2-e1692992480718-540x300.png",540,300,true],"document-thumb":["https:\/\/hpha.org.ar\/wp-content\/uploads\/2023\/08\/Jornadas-Encabezados-y-pies-2-e1692992480718-400x191.png",400,191,true],"gallery-full":["https:\/\/hpha.org.ar\/wp-content\/uploads\/2023\/08\/Jornadas-Encabezados-y-pies-2-e1692992480718.png",627,300,false],"gallery-thumb":["https:\/\/hpha.org.ar\/wp-content\/uploads\/2023\/08\/Jornadas-Encabezados-y-pies-2-e1692992480718-540x300.png",540,300,true],"cause-medium":["https:\/\/hpha.org.ar\/wp-content\/uploads\/2023\/08\/Jornadas-Encabezados-y-pies-2-900x300.png",900,300,true],"staff-home":["https:\/\/hpha.org.ar\/wp-content\/uploads\/2023\/08\/Jornadas-Encabezados-y-pies-2-e1692992480718-292x248.png",292,248,true]},"rttpg_author":{"display_name":"Paula","author_link":"https:\/\/hpha.org.ar\/en\/author\/habitatonar\/"},"rttpg_comment":0,"rttpg_category":"<a href=\"https:\/\/hpha.org.ar\/en\/category\/noticias\/\" rel=\"category tag\">Noticias<\/a>","rttpg_excerpt":"Within the framework of our campaign #AlquilerSocialYA (#SocialRentNOW), started at the end of 2022, we are advocating for the implementation of social rent as set forth in Law Number 27.551. To that end, between September 4th and 6th we will hold the 1st Social Rent Workshops in Argentina. This will be a participatory, joint eventLeer&hellip;","_links":{"self":[{"href":"https:\/\/hpha.org.ar\/en\/wp-json\/wp\/v2\/posts\/4728","targetHints":{"allow":["GET"]}}],"collection":[{"href":"https:\/\/hpha.org.ar\/en\/wp-json\/wp\/v2\/posts"}],"about":[{"href":"https:\/\/hpha.org.ar\/en\/wp-json\/wp\/v2\/types\/post"}],"author":[{"embeddable":true,"href":"https:\/\/hpha.org.ar\/en\/wp-json\/wp\/v2\/users\/7"}],"replies":[{"embeddable":true,"href":"https:\/\/hpha.org.ar\/en\/wp-json\/wp\/v2\/comments?post=4728"}],"version-history":[{"count":3,"href":"https:\/\/hpha.org.ar\/en\/wp-json\/wp\/v2\/posts\/4728\/revisions"}],"predecessor-version":[{"id":4757,"href":"https:\/\/hpha.org.ar\/en\/wp-json\/wp\/v2\/posts\/4728\/revisions\/4757"}],"wp:featuredmedia":[{"embeddable":true,"href":"https:\/\/hpha.org.ar\/en\/wp-json\/wp\/v2\/media\/4729"}],"wp:attachment":[{"href":"https:\/\/hpha.org.ar\/en\/wp-json\/wp\/v2\/media?parent=4728"}],"wp:term":[{"taxonomy":"category","embeddable":true,"href":"https:\/\/hpha.org.ar\/en\/wp-json\/wp\/v2\/categories?post=4728"},{"taxonomy":"post_tag","embeddable":true,"href":"https:\/\/hpha.org.ar\/en\/wp-json\/wp\/v2\/tags?post=4728"}],"curies":[{"name":"wp","href":"https:\/\/api.w.org\/{rel}","templated":true}]}}