{"id":3594,"date":"2020-10-05T21:41:31","date_gmt":"2020-10-05T21:41:31","guid":{"rendered":"http:\/\/hpha.org.ar\/?p=3594"},"modified":"2021-04-15T00:09:06","modified_gmt":"2021-04-15T00:09:06","slug":"dia-mundial-del-habitat-2020","status":"publish","type":"post","link":"https:\/\/hpha.org.ar\/en\/dia-mundial-del-habitat-2020\/","title":{"rendered":"D\u00eda mundial del H\u00e1bitat 2020"},"content":{"rendered":"<h4><span style=\"color: #00afd7;\">Tema 2020: <strong>Vivienda para todos &#8211; Un mejor futuro urbano<\/strong><\/span><\/h4>\n<div class=\"kvgmc6g5 cxmmr5t8 oygrvhab hcukyx3x c1et5uql ii04i59q\"><span style=\"color: #808080;\">\u00a0<\/span><\/div>\n<p><span style=\"color: #333333;\">En el <strong>D\u00eda Internacional del H\u00e1bitat<\/strong> queremos contribuir a la reflexi\u00f3n sobre el rol y el valor actual y potencial de la vivienda en la recuperaci\u00f3n de las econom\u00edas m\u00e1s afectadas como resultado de la actual pandemia.<\/span><\/p>\n<div class=\"kvgmc6g5 cxmmr5t8 oygrvhab hcukyx3x c1et5uql ii04i59q\"><span style=\"color: #333333;\">\u00a0<\/span><\/div>\n<div class=\"o9v6fnle cxmmr5t8 oygrvhab hcukyx3x c1et5uql ii04i59q\">\n<div dir=\"auto\"><span style=\"color: #333333;\"><strong>Siempre supimos que tener una vivienda adecuada es una cuesti\u00f3n de vida o muerte.<\/strong> Pero el COVID-19 ha hecho esta situaci\u00f3n evidente, ya que una de las acciones clave necesarias para detener la propagaci\u00f3n de esta enfermedad ha sido que las personas se queden en casa.\u00a0<strong>Tomemos este d\u00eda como una posibilidad para concientizar sobre lo vital que es garantizar este derecho.\u00a0<\/strong>La posibilidad de enfermarse, sumados a la crisis econ\u00f3mica e imposibilidad de generar ingresos agrega factores de riesgo para la integridad en todo sentido, incluso a padecer d\u00e9ficit alimentario y desalojo forzoso.<\/span><\/div>\n<\/div>\n<div class=\"o9v6fnle cxmmr5t8 oygrvhab hcukyx3x c1et5uql ii04i59q\">\n<div dir=\"auto\"><span style=\"color: #333333;\">\u00a0<\/span><\/div>\n<div dir=\"auto\"><span style=\"color: #333333;\"><strong>La vivienda es un derecho humano y un catalizador de todos los dem\u00e1s derechos fundamentales, as\u00ed como la \u00fanica forma de garantizar el \u201cDerecho a la Ciudad para todas las personas\u201d.<\/strong><\/span><\/div>\n<div dir=\"auto\"><span style=\"color: #333333;\">\u00a0<\/span><\/div>\n<div dir=\"auto\"><span style=\"color: #333333;\">\u00a0<\/span><\/div>\n<\/div>\n<div dir=\"auto\"><span style=\"color: #333333;\">\u00a0<\/span><\/div>\n<h4 dir=\"auto\"><span style=\"color: #333333;\"><strong>El aporte de H\u00e1bitat para la Humanidad<\/strong><\/span><\/h4>\n<div dir=\"auto\">\n<p><span style=\"color: #333333;\">En el marco del D\u00eda Mundial del H\u00e1bitat se difunden los resultados del informe\u00a0<strong>\u201c<em>Cornerstone of Recovery<\/em>\u201d <\/strong> que publica hoy\u00a0<strong>H\u00e1bitat para la Humanidad, en el cual la organizaci\u00f3n logra reflejar la contribuci\u00f3n real de la vivienda en el PIB mediante el uso de est\u00e1ndares de c\u00e1lculo aceptados internacionalmente.<\/strong><\/span><\/p>\n<p>&nbsp;<\/p>\n<\/div>\n<p><span style=\"color: #333333;\">Los principales hallazgos del mismo detallan:<\/span><\/p>\n<p>&nbsp;<\/p>\n<ul>\n<li><span style=\"color: #333333;\"><strong>La vivienda es un contribuyente mayor de lo esperado en el PIB<\/strong>\u00a0cuando se contabilizan correctamente (se suma alquileres o mercado informal), con un promedio de m\u00e1s del 13 % en los pa\u00edses analizados.<\/span><\/li>\n<\/ul>\n<p>&nbsp;<\/p>\n<ul>\n<li><span style=\"color: #333333;\"><strong>Los pa\u00edses no est\u00e1n al tanto de esto<\/strong>, prueba de ello es que de los 196 que han desarrollado una respuesta econ\u00f3mica a la pandemia al\u00a0<a href=\"https:\/\/www.imf.org\/en\/Topics\/imf-and-covid19\/Policy-Responses-to-COVID-19\">Fondo Monetario Internacional<\/a>, solo 22 pa\u00edses ( un 11 %) incluyeron expl\u00edcitamente iniciativas de vivienda.<\/span><\/li>\n<\/ul>\n<p>&nbsp;<\/p>\n<ul>\n<li><span style=\"color: #333333;\">Es necesario incluir el mercado de la vivienda en los planes de reactivaci\u00f3n econ\u00f3mica: brinda no solo beneficios econ\u00f3micos inmediatos, sino que a la vez ofrece mejoras en la salud p\u00fablica al bajar los \u00edndices de hacinamiento y d\u00e9ficit de vivienda (que impactar\u00edan en la disminuci\u00f3n de contagio del COVID-19).<\/span><\/li>\n<\/ul>\n<p>&nbsp;<\/p>\n<ul>\n<li><span style=\"color: #333333;\">Por \u00faltimo, el estudio brinda propuestas concretas para incorporar la vivienda en la respuesta de los sectores p\u00fablico y privado ante la pandemia del COVID-19.<\/span><\/li>\n<\/ul>\n<p>&nbsp;<\/p>\n<p><span style=\"color: #333333;\">Adicional a esos esfuerzos, <strong>los autores del informe recomiendan impulsar pol\u00edticas de est\u00edmulo<\/strong> que, en cooperaci\u00f3n con los sectores internacional y privado, se centren en las familias con ingreso medio y bajo y, a la vez, incluyan a los mercados formales e informales, a las viviendas de alquiler y a las organizaciones comunitarias.<\/span><\/p>\n<p>&nbsp;<\/p>\n<p><span style=\"color: #333333;\">Adem\u00e1s,<strong> enfatizan acciones de corto plazo<\/strong> para poner a disposici\u00f3n terrenos adecuados para vivienda; abrir el acceso al financiamiento para desarrolladores, familias y propietarios; proporcionar subsidios equitativos a las familias; y ofrecer incentivos a entidades crediticias y constructores.<\/span><\/p>\n<p>&nbsp;<\/p>\n<h4><strong><a href=\"http:\/\/hpha.org.ar\/informacion-de-prensa-dia-mundial-del-habitat-2020\/\">Link a nota de prensa<\/a>\u00a0<\/strong><\/h4>\n","protected":false},"excerpt":{"rendered":"<p>Tema 2020: Vivienda para todos &#8211; Un mejor futuro urbano \u00a0 En el D\u00eda Internacional del H\u00e1bitat queremos contribuir a la reflexi\u00f3n sobre el rol y el valor actual y potencial de la vivienda en la recuperaci\u00f3n de las econom\u00edas m\u00e1s afectadas como resultado de la actual pandemia. \u00a0 Siempre supimos que tener una vivienda<\/p>\n<div class=\"post-actions\"><a class=\"button small\" href=\"https:\/\/hpha.org.ar\/en\/dia-mundial-del-habitat-2020\/\">Leer M\u00e1s<\/a><\/div>\n","protected":false},"author":7,"featured_media":3602,"comment_status":"open","ping_status":"open","sticky":false,"template":"","format":"standard","meta":{"_acf_changed":false,"om_disable_all_campaigns":false,"_monsterinsights_skip_tracking":false,"_monsterinsights_sitenote_active":false,"_monsterinsights_sitenote_note":"","_monsterinsights_sitenote_category":0,"_uf_show_specific_survey":0,"_uf_disable_surveys":false,"footnotes":""},"categories":[17],"tags":[65,37,42],"class_list":["post-3594","post","type-post","status-publish","format-standard","has-post-thumbnail","hentry","category-noticias","tag-habitatday","tag-vivienda","tag-vivienda-digna"],"acf":[],"aioseo_notices":[],"rttpg_featured_image_url":{"full":["https:\/\/hpha.org.ar\/wp-content\/uploads\/2020\/10\/whd_2020_spanish.png",1578,731,false],"landscape":["https:\/\/hpha.org.ar\/wp-content\/uploads\/2020\/10\/whd_2020_spanish.png",1578,731,false],"portraits":["https:\/\/hpha.org.ar\/wp-content\/uploads\/2020\/10\/whd_2020_spanish.png",1578,731,false],"thumbnail":["https:\/\/hpha.org.ar\/wp-content\/uploads\/2020\/10\/whd_2020_spanish.png",150,69,false],"medium":["https:\/\/hpha.org.ar\/wp-content\/uploads\/2020\/10\/whd_2020_spanish.png",300,139,false],"large":["https:\/\/hpha.org.ar\/wp-content\/uploads\/2020\/10\/whd_2020_spanish.png",860,398,false],"1536x1536":["https:\/\/hpha.org.ar\/wp-content\/uploads\/2020\/10\/whd_2020_spanish.png",1536,712,false],"2048x2048":["https:\/\/hpha.org.ar\/wp-content\/uploads\/2020\/10\/whd_2020_spanish.png",1578,731,false],"small-header":["https:\/\/hpha.org.ar\/wp-content\/uploads\/2020\/10\/whd_2020_spanish.png",475,220,false],"small-event":["https:\/\/hpha.org.ar\/wp-content\/uploads\/2020\/10\/whd_2020_spanish.png",100,46,false],"medium-event":["https:\/\/hpha.org.ar\/wp-content\/uploads\/2020\/10\/whd_2020_spanish.png",270,125,false],"large-event":["https:\/\/hpha.org.ar\/wp-content\/uploads\/2020\/10\/whd_2020_spanish.png",712,330,false],"large-event-2":["https:\/\/hpha.org.ar\/wp-content\/uploads\/2020\/10\/whd_2020_spanish.png",540,250,false],"document-thumb":["https:\/\/hpha.org.ar\/wp-content\/uploads\/2020\/10\/whd_2020_spanish.png",400,185,false],"gallery-full":["https:\/\/hpha.org.ar\/wp-content\/uploads\/2020\/10\/whd_2020_spanish.png",1578,731,false],"gallery-thumb":["https:\/\/hpha.org.ar\/wp-content\/uploads\/2020\/10\/whd_2020_spanish.png",540,250,false],"cause-medium":["https:\/\/hpha.org.ar\/wp-content\/uploads\/2020\/10\/whd_2020_spanish.png",900,417,false],"staff-home":["https:\/\/hpha.org.ar\/wp-content\/uploads\/2020\/10\/whd_2020_spanish.png",292,135,false]},"rttpg_author":{"display_name":"Paula","author_link":"https:\/\/hpha.org.ar\/en\/author\/habitatonar\/"},"rttpg_comment":0,"rttpg_category":"<a href=\"https:\/\/hpha.org.ar\/en\/category\/noticias\/\" rel=\"category tag\">Noticias<\/a>","rttpg_excerpt":"Tema 2020: Vivienda para todos &#8211; Un mejor futuro urbano \u00a0 En el D\u00eda Internacional del H\u00e1bitat queremos contribuir a la reflexi\u00f3n sobre el rol y el valor actual y potencial de la vivienda en la recuperaci\u00f3n de las econom\u00edas m\u00e1s afectadas como resultado de la actual pandemia. \u00a0 Siempre supimos que tener una viviendaLeer&hellip;","_links":{"self":[{"href":"https:\/\/hpha.org.ar\/en\/wp-json\/wp\/v2\/posts\/3594","targetHints":{"allow":["GET"]}}],"collection":[{"href":"https:\/\/hpha.org.ar\/en\/wp-json\/wp\/v2\/posts"}],"about":[{"href":"https:\/\/hpha.org.ar\/en\/wp-json\/wp\/v2\/types\/post"}],"author":[{"embeddable":true,"href":"https:\/\/hpha.org.ar\/en\/wp-json\/wp\/v2\/users\/7"}],"replies":[{"embeddable":true,"href":"https:\/\/hpha.org.ar\/en\/wp-json\/wp\/v2\/comments?post=3594"}],"version-history":[{"count":16,"href":"https:\/\/hpha.org.ar\/en\/wp-json\/wp\/v2\/posts\/3594\/revisions"}],"predecessor-version":[{"id":3841,"href":"https:\/\/hpha.org.ar\/en\/wp-json\/wp\/v2\/posts\/3594\/revisions\/3841"}],"wp:featuredmedia":[{"embeddable":true,"href":"https:\/\/hpha.org.ar\/en\/wp-json\/wp\/v2\/media\/3602"}],"wp:attachment":[{"href":"https:\/\/hpha.org.ar\/en\/wp-json\/wp\/v2\/media?parent=3594"}],"wp:term":[{"taxonomy":"category","embeddable":true,"href":"https:\/\/hpha.org.ar\/en\/wp-json\/wp\/v2\/categories?post=3594"},{"taxonomy":"post_tag","embeddable":true,"href":"https:\/\/hpha.org.ar\/en\/wp-json\/wp\/v2\/tags?post=3594"}],"curies":[{"name":"wp","href":"https:\/\/api.w.org\/{rel}","templated":true}]}}