{"id":2893,"date":"2019-11-05T22:12:45","date_gmt":"2019-11-05T22:12:45","guid":{"rendered":"http:\/\/hpha.org.ar\/?p=2893"},"modified":"2021-04-15T00:01:05","modified_gmt":"2021-04-15T00:01:05","slug":"por-que-apoyo-a-hpha","status":"publish","type":"post","link":"https:\/\/hpha.org.ar\/en\/por-que-apoyo-a-hpha\/","title":{"rendered":"Por qu\u00e9 apoyo a HPHA"},"content":{"rendered":"<h4><span style=\"color: #00ccff;\"><strong>Adriana Berra<\/strong> |<strong>\u00a0Voluntaria y Donante<\/strong><\/span><\/h4>\n<p>&nbsp;<\/p>\n<p style=\"padding-left: 30px;\"><em>Desde peque\u00f1a siempre he tenido una pregunta que a\u00fan hoy no tiene respuesta.<\/em><\/p>\n<p style=\"padding-left: 30px;\"><em>Por qu\u00e9 algunas personas nacen en familias contenedoras con necesidades b\u00e1sicas insatisfechas, con oportunidades de crecer\u2026 y otras nacen en familias con carencias tanto espirituales como materiales, con pocas oportunidades para salir adelante.<\/em><\/p>\n<p style=\"padding-left: 30px;\"><em>Esta pregunta me llev\u00f3 desde muy joven a trabajar y estudiar para lograr que todos desde el lugar donde nacen tengan igualdad de posibilidades.<\/em><\/p>\n<p style=\"padding-left: 30px;\"><em>En este camino me encontr\u00e9 con H\u00e1bitat para la Humanidad Argentina, compartiendo este deseo y considerando que si una familia sin recursos tiene una casa que lo cobije y acompa\u00f1amiento social, todo ser\u00e1 mucho m\u00e1s f\u00e1cil.<\/em><\/p>\n<p style=\"padding-left: 30px;\"><em>Es mi deseo m\u00e1s profundo: seguir en este camino y colaborar en la medida de mis posibilidades a construir un mundo m\u00e1s justo e igualitario.<\/em><\/p>\n<p style=\"padding-left: 30px;\"><em>Gracias H\u00e1bitat por dejarme acompa\u00f1arlos<\/em>.<\/p>\n<p>&nbsp;<\/p>\n<p>Palabras de su nombramiento como Miembro de Honor<br \/>\nOctubre 2019<\/p>\n<p>&nbsp;<\/p>\n<p><img loading=\"lazy\" decoding=\"async\" class=\"size-full wp-image-2895 aligncenter\" src=\"https:\/\/hpha.org.ar\/wp-content\/uploads\/2019\/11\/Adriana.jpg\" alt=\"\" width=\"568\" height=\"449\" \/><\/p>\n<hr \/>\n<p>&nbsp;<\/p>\n<h4><span style=\"color: #00ccff;\"><strong>Emanuel Lentini | Donante\u00a0<\/strong><\/span><\/h4>\n<p>&nbsp;<\/p>\n<p style=\"padding-left: 30px;\"><em>Apoyo a H\u00e1bitat para la Humanidad Argentina porque ayudan a la gente a ver sus propias capacidades para estar mejor\u2026 y le dan oportunidades de poner en pr\u00e1ctica estas capacidades.<\/em><\/p>\n<p style=\"padding-left: 30px;\"><em>Tambi\u00e9n porque hace visible el valor de trabajar por algo que uno o su familia necesita\u2026 hace visible el sentido del esfuerzo, y a la gente que tiene la oportunidad de participar de H\u00e1bitat, le cambia la vida.<\/em><\/p>\n<p>&nbsp;<\/p>\n<p>Agosto 2019<\/p>\n<p>&nbsp;<\/p>\n<p><img loading=\"lazy\" decoding=\"async\" class=\"size-full wp-image-2905 aligncenter\" src=\"https:\/\/hpha.org.ar\/wp-content\/uploads\/2019\/11\/Ema.jpg\" alt=\"\" width=\"639\" height=\"427\" \/><\/p>\n<hr \/>\n<p>&nbsp;<\/p>\n<h4><span style=\"color: #00ccff;\"><strong>Leo Hern\u00e1ndez | Donante y voluntario<\/strong><\/span><\/h4>\n<p>&nbsp;<\/p>\n<p style=\"text-align: left;\"><img loading=\"lazy\" decoding=\"async\" class=\"alignleft wp-image-2563\" src=\"https:\/\/hpha.org.ar\/wp-content\/uploads\/2019\/07\/Leo_Hernandez_Baja.jpg\" alt=\"\" width=\"259\" height=\"387\" \/><\/p>\n<p style=\"padding-left: 30px;\"><em>Es una pregunta que solo puedo responder pensando y sintiendo: tanto a\u00a0 las familias que no pueden acceder a una vivienda adecuada como a los profesionales activos y comprometidos de HPHA.\u00a0 \u00a0<\/em><\/p>\n<p style=\"padding-left: 30px;\"><em>Cuando hace un poco m\u00e1s de 10 a\u00f1os tom\u00e9 contacto con la organizaci\u00f3n, su misi\u00f3n y sus programas, comenz\u00f3 un proceso de aprendizaje que me llev\u00f3 a buscar comprender el desaf\u00edo del acceso a la vivienda e involucrarme con la causa. Gracias a ese recorrido pude darme cuenta que, sin desconocer el rol indelegable del Estado en garantizar el derecho a la vivienda adecuada, solo con el compromiso de todos se podr\u00e1n encontrar soluciones reales a uno de los grandes problemas sociales de nuestro pa\u00eds. HPHA nos ofrece la posibilidad de sumarnos a otras voluntades que a nivel individual, familiar y colectivo trabajan para lograr mucho m\u00e1s que casas.\u00a0\u00a0<\/em><\/p>\n<p style=\"padding-left: 30px;\"><em>Acompa\u00f1ar a HPHA es sentirse parte de un ecosistema de personas e instituciones que trabaja para por una vivienda digna y alcanzable que genere oportunidades para que las familias puedan desarrollar todo su potencial. Gracias por la oportunidad de ser parte.<\/em><\/p>\n<p>&nbsp;<\/p>\n<p>Julio 2019<\/p>\n<hr \/>\n<p>&nbsp;<\/p>\n<h4><span style=\"color: #00ccff;\"><strong>St Paul\u2019s, Bellingham<\/strong><\/span><\/h4>\n<p style=\"padding-left: 30px;\"><em>Este a\u00f1o recibimos una generosa donaci\u00f3n de parte de St Paul\u2019s, Bellingham, una iglesia de Seattle, Estados Unidos, gracias a la iniciativa de Steve McMinn, uno de nuestros grandes aliados.<\/em><\/p>\n<p style=\"padding-left: 30px;\"><em>La empresa de Steve tiene sobrantes de madera, que se venden al costo a las cooperativas de agricultores locales. Un amigo, Dick Whitmore, le provee a Steve las cajas de cart\u00f3n para que vaya acumulando la madera que sobra. Se empaqueta y luego se lleva a las cooperativas. La ganancia de este trabajo es \u201cpura\u201d ya que la camioneta que usan para transportar la madera es prestada por otro amigo de la iglesia y tanto la gasolina como el tiempo es donado.<\/em><\/p>\n<p style=\"padding-left: 30px;\"><em>Este emprendimiento solidario de la venta de le\u00f1a comenz\u00f3 hace 10 a\u00f1os cuando la iglesia de Bellingham estaba juntando fondos para que los estudiantes de secundaria fueran a Guatemala para trabajar con una comunidad ind\u00edgena. La hija de Steve era una de sus estudiantes y es as\u00ed como Steve se acerco a Dick para proponerle este emprendimiento.<\/em><\/p>\n<p style=\"padding-left: 30px;\"><em>Hace un par de a\u00f1os dejaron de llevar a j\u00f3venes a Am\u00e9rica Central pero siguieron con el emprendimiento de venta de le\u00f1a donada, y ahora donan los ingresos a diferentes organizaciones internacionales, como H\u00e1bitat para la Humanidad Argentina.<\/em><\/p>\n<p style=\"padding-left: 30px;\"><em>Seg\u00fan las palabras de Dick \u201cninguno busca reconocimiento por hacer algo que Dios espera de nosotros\u201d.<\/em><\/p>\n<p>&nbsp;<\/p>\n<p>Junio 2019<\/p>\n<hr \/>\n<p>&nbsp;<\/p>\n<h4><span style=\"color: #00ccff;\"><strong>Sergio D\u00edaz Monnier | Voluntario y Donante<\/strong><\/span><\/h4>\n<p>&nbsp;<\/p>\n<p style=\"padding-left: 30px;\"><em>Tom\u00e9 contacto con HPHA hace ya cuatro a\u00f1os a trav\u00e9s de un voluntariado que organiz\u00f3 la empresa donde trabajo. Recuerdo que me sum\u00e9 porque ven\u00eda de haber pasado un a\u00f1o muy dif\u00edcil en lo personal y hab\u00eda comprendido que parte de lo que ten\u00eda que hacer para estar mejor era destinar tiempo a los dem\u00e1s.<\/em><\/p>\n<p style=\"padding-left: 30px;\"><em>Al principio me pareci\u00f3 positivo sumarme a una jornada de ayuda social con otros compa\u00f1eros de trabajo pero, una vez terminado el primer d\u00eda de \u201cOBRA\u201d, entend\u00ed lo que realmente significaba que Yami y Leo me abrieran las puertas de su futuro \u201cHOGAR\u201d y me permitieran formar parte de algo tan valioso para ellos. Fue tal mi fascinaci\u00f3n que, al otro d\u00eda, conversando con mi equipo de trabajo sobre cu\u00e1l hab\u00eda sido mi experiencia, decidimos al menos un d\u00eda al a\u00f1o compartir un d\u00eda de construcci\u00f3n con una familia.<\/em><\/p>\n<p style=\"padding-left: 30px;\"><em>Soy un convencido de que si queremos lograr un mundo mejor es necesario colaborar con otras personas a mejorar su calidad de vida. Para eso es importante no s\u00f3lo ayudar, sino tambi\u00e9n fomentar, concientizar y crear el h\u00e1bito en las personas que nos rodean.<\/em><\/p>\n<p style=\"padding-left: 30px;\"><em>Gracias H\u00e1bitat y gracias a todos los voluntarios y donantes por ser parte de este gran proyecto!<\/em><\/p>\n<p>&nbsp;<\/p>\n<p>Mayo 2019<\/p>\n<p>&nbsp;<\/p>\n<p><img loading=\"lazy\" decoding=\"async\" class=\"wp-image-2301 aligncenter\" src=\"https:\/\/hpha.org.ar\/wp-content\/uploads\/2019\/05\/Sergio-Web.jpg\" alt=\"\" width=\"568\" height=\"293\" \/><\/p>\n<hr \/>\n<p>&nbsp;<\/p>\n<h4><span style=\"color: #00ccff;\"><strong>Laura Pelizzatti | Donante y Voluntaria<\/strong><\/span><\/h4>\n<p style=\"padding-left: 30px;\"><img loading=\"lazy\" decoding=\"async\" class=\"alignleft wp-image-2253\" src=\"https:\/\/hpha.org.ar\/wp-content\/uploads\/2019\/05\/HPHA115.jpg\" alt=\"\" width=\"286\" height=\"432\" \/><\/p>\n<p style=\"padding-left: 30px;\"><em>Desde que tom\u00e9 contacto con HPHA sent\u00ed que todo granito de\u00a0arena\u00a0que podr\u00eda sumarles ten\u00eda sentido en pos de anhelar transformar vidas a trav\u00e9s de algo tan fundamental y a la vez tan dif\u00edcil de obtener para la gran mayor\u00eda de nuestros connacionales como es un lugar digno para vivir, para crecer en familia, para desarrollar los propios dones y que nos permita aspirar a formar comunidad.<\/em><\/p>\n<p style=\"padding-left: 30px;\"><em>Es por ello que, en oportunidad de mi festejo de cumplea\u00f1os N\u00ba 50 no dud\u00e9 en pedirles a mis amigos\u00a0que en vez de regalos, aportaran voluntariamente a esta organizaci\u00f3n para ayudarme a cumplir el sue\u00f1o de que m\u00e1s personas accedan a la casa propia.\u00a0Todos se sintieron muy motivados y a la vez, agradecidos por poder ser parte.<\/em><\/p>\n<p style=\"padding-left: 30px;\"><em>Les y nos auguro que a\u00fan en estos tiempos dif\u00edciles,\u00a0no bajemos los brazos y persistamos en esta obra que\u00a0nos enriquece el coraz\u00f3n cada d\u00eda.<\/em><\/p>\n<p>&nbsp;<\/p>\n<p>Abril 2019<\/p>\n<hr \/>\n<p>&nbsp;<\/p>\n<h4><span style=\"color: #00ccff;\"><strong>Alberto Gurevich | Donante &#8211; Voluntario<\/strong><\/span><\/h4>\n<p style=\"padding-left: 30px;\"><img loading=\"lazy\" decoding=\"async\" class=\"alignleft wp-image-2152\" src=\"https:\/\/hpha.org.ar\/wp-content\/uploads\/2019\/03\/Alberto.jpg\" alt=\"\" width=\"292\" height=\"426\" \/><em>Yo empec\u00e9 a apoyar la misi\u00f3n de HPHA en 2013, a trav\u00e9s de un voluntariado internacional de tres meses durante el cual conoc\u00ed bien a fondo c\u00f3mo funciona la organizaci\u00f3n.\u00a0Vivo en Estados Unidos desde los 13 a\u00f1os de edad y en HPHA encontr\u00e9 una oportunidad de demostrar mi agradecimiento por la suerte que la vida me concedi\u00f3 y reanudar mis v\u00ednculos con el pa\u00eds donde nac\u00ed. Colaborando con HPHA pude ver como muchas familias de recursos limitados obtienen una vivienda digna con la ayuda de voluntarios como yo, pero principalmente gracias a su propio esfuerzo.\u00a0 Despu\u00e9s de mi voluntariado inicial, sigo apoyando a HPHA durante mis visitas a la Argentina y con una contribuci\u00f3n mensual que ayudara a muchas familias cumplir sus sue\u00f1os.<\/em><\/p>\n<p>&nbsp;<\/p>\n<p>Marzo 2019<\/p>\n<p>&nbsp;<\/p>\n<p>&nbsp;<\/p>\n","protected":false},"excerpt":{"rendered":"<p>Adriana Berra |\u00a0Voluntaria y Donante &nbsp; Desde peque\u00f1a siempre he tenido una pregunta que a\u00fan hoy no tiene respuesta. Por qu\u00e9 algunas personas nacen en familias contenedoras con necesidades b\u00e1sicas insatisfechas, con oportunidades de crecer\u2026 y otras nacen en familias con carencias tanto espirituales como materiales, con pocas oportunidades para salir adelante. Esta pregunta me<\/p>\n<div class=\"post-actions\"><a class=\"button small\" href=\"https:\/\/hpha.org.ar\/en\/por-que-apoyo-a-hpha\/\">Leer M\u00e1s<\/a><\/div>\n","protected":false},"author":7,"featured_media":2360,"comment_status":"open","ping_status":"open","sticky":false,"template":"","format":"standard","meta":{"_acf_changed":false,"om_disable_all_campaigns":false,"_monsterinsights_skip_tracking":false,"_monsterinsights_sitenote_active":false,"_monsterinsights_sitenote_note":"","_monsterinsights_sitenote_category":0,"_uf_show_specific_survey":0,"_uf_disable_surveys":false,"footnotes":""},"categories":[23,25],"tags":[41,36,38],"class_list":["post-2893","post","type-post","status-publish","format-standard","has-post-thumbnail","hentry","category-boletines","category-historias","tag-apoyo","tag-confianza","tag-historias"],"acf":[],"aioseo_notices":[],"rttpg_featured_image_url":{"full":["https:\/\/hpha.org.ar\/wp-content\/uploads\/2019\/06\/IMG_4378.jpg",4889,3259,false],"landscape":["https:\/\/hpha.org.ar\/wp-content\/uploads\/2019\/06\/IMG_4378.jpg",4889,3259,false],"portraits":["https:\/\/hpha.org.ar\/wp-content\/uploads\/2019\/06\/IMG_4378.jpg",4889,3259,false],"thumbnail":["https:\/\/hpha.org.ar\/wp-content\/uploads\/2019\/06\/IMG_4378.jpg",150,100,false],"medium":["https:\/\/hpha.org.ar\/wp-content\/uploads\/2019\/06\/IMG_4378.jpg",300,200,false],"large":["https:\/\/hpha.org.ar\/wp-content\/uploads\/2019\/06\/IMG_4378.jpg",860,573,false],"1536x1536":["https:\/\/hpha.org.ar\/wp-content\/uploads\/2019\/06\/IMG_4378.jpg",1536,1024,false],"2048x2048":["https:\/\/hpha.org.ar\/wp-content\/uploads\/2019\/06\/IMG_4378.jpg",2048,1365,false],"small-header":["https:\/\/hpha.org.ar\/wp-content\/uploads\/2019\/06\/IMG_4378.jpg",330,220,false],"small-event":["https:\/\/hpha.org.ar\/wp-content\/uploads\/2019\/06\/IMG_4378.jpg",100,67,false],"medium-event":["https:\/\/hpha.org.ar\/wp-content\/uploads\/2019\/06\/IMG_4378.jpg",225,150,false],"large-event":["https:\/\/hpha.org.ar\/wp-content\/uploads\/2019\/06\/IMG_4378.jpg",495,330,false],"large-event-2":["https:\/\/hpha.org.ar\/wp-content\/uploads\/2019\/06\/IMG_4378.jpg",540,360,false],"document-thumb":["https:\/\/hpha.org.ar\/wp-content\/uploads\/2019\/06\/IMG_4378.jpg",400,267,false],"gallery-full":["https:\/\/hpha.org.ar\/wp-content\/uploads\/2019\/06\/IMG_4378.jpg",1320,880,false],"gallery-thumb":["https:\/\/hpha.org.ar\/wp-content\/uploads\/2019\/06\/IMG_4378.jpg",495,330,false],"cause-medium":["https:\/\/hpha.org.ar\/wp-content\/uploads\/2019\/06\/IMG_4378.jpg",788,525,false],"staff-home":["https:\/\/hpha.org.ar\/wp-content\/uploads\/2019\/06\/IMG_4378.jpg",292,195,false]},"rttpg_author":{"display_name":"Paula","author_link":"https:\/\/hpha.org.ar\/en\/author\/habitatonar\/"},"rttpg_comment":0,"rttpg_category":"<a href=\"https:\/\/hpha.org.ar\/en\/category\/boletines\/\" rel=\"category tag\">Boletines<\/a> <a href=\"https:\/\/hpha.org.ar\/en\/category\/historias\/\" rel=\"category tag\">Historias<\/a>","rttpg_excerpt":"Adriana Berra |\u00a0Voluntaria y Donante &nbsp; Desde peque\u00f1a siempre he tenido una pregunta que a\u00fan hoy no tiene respuesta. Por qu\u00e9 algunas personas nacen en familias contenedoras con necesidades b\u00e1sicas insatisfechas, con oportunidades de crecer\u2026 y otras nacen en familias con carencias tanto espirituales como materiales, con pocas oportunidades para salir adelante. Esta pregunta meLeer&hellip;","_links":{"self":[{"href":"https:\/\/hpha.org.ar\/en\/wp-json\/wp\/v2\/posts\/2893","targetHints":{"allow":["GET"]}}],"collection":[{"href":"https:\/\/hpha.org.ar\/en\/wp-json\/wp\/v2\/posts"}],"about":[{"href":"https:\/\/hpha.org.ar\/en\/wp-json\/wp\/v2\/types\/post"}],"author":[{"embeddable":true,"href":"https:\/\/hpha.org.ar\/en\/wp-json\/wp\/v2\/users\/7"}],"replies":[{"embeddable":true,"href":"https:\/\/hpha.org.ar\/en\/wp-json\/wp\/v2\/comments?post=2893"}],"version-history":[{"count":16,"href":"https:\/\/hpha.org.ar\/en\/wp-json\/wp\/v2\/posts\/2893\/revisions"}],"predecessor-version":[{"id":3832,"href":"https:\/\/hpha.org.ar\/en\/wp-json\/wp\/v2\/posts\/2893\/revisions\/3832"}],"wp:featuredmedia":[{"embeddable":true,"href":"https:\/\/hpha.org.ar\/en\/wp-json\/wp\/v2\/media\/2360"}],"wp:attachment":[{"href":"https:\/\/hpha.org.ar\/en\/wp-json\/wp\/v2\/media?parent=2893"}],"wp:term":[{"taxonomy":"category","embeddable":true,"href":"https:\/\/hpha.org.ar\/en\/wp-json\/wp\/v2\/categories?post=2893"},{"taxonomy":"post_tag","embeddable":true,"href":"https:\/\/hpha.org.ar\/en\/wp-json\/wp\/v2\/tags?post=2893"}],"curies":[{"name":"wp","href":"https:\/\/api.w.org\/{rel}","templated":true}]}}